{"id":1668,"date":"2021-04-19T11:35:20","date_gmt":"2021-04-19T11:35:20","guid":{"rendered":"https:\/\/indianlandorthodontics.broadstreet.us\/?p=481"},"modified":"2022-12-07T10:31:09","modified_gmt":"2022-12-07T10:31:09","slug":"can-children-wear-invisalign","status":"publish","type":"post","link":"https:\/\/www.indianlandorthodontics.com\/es\/can-children-wear-invisalign\/","title":{"rendered":"\u00bfPueden los ni\u00f1os usar Invisalign?"},"content":{"rendered":"<p>\u00bfSu hijo necesita trabajo de ortodoncia?<\/p>\n<p>Lo creas o no, tu hijo podr\u00eda estar viendo a un ortodoncista\u00a0<a href=\"https:\/\/kidshealth.org\/en\/parents\/braces.html#:~:text=There's%20no%20set%20age%20for,coming%20in%2C%20around%20age%207.\" target=\"_blank\" rel=\"noopener\">desde los seis a\u00f1os<\/a>\u00a0(aunque la mayor\u00eda de los padres no comienzan a llevar a sus hijos al ortodoncista hasta que son preadolescentes y adolescentes). \u00bfSu hijo ya tuvo su primera cita con el ortodoncista?<\/p>\n<p><img decoding=\"async\" class=\"base-image__image\" src=\"\/wp-content\/uploads\/2022\/07\/invisalign-1.jpeg\" alt=\"Braces fort mill sc\" \/><\/p>\n<p>Si su hijo tiene los dientes torcidos, es normal que se sienta cohibido. Si bien debes fomentar el amor propio por tu hijo, tampoco hay nada de malo en visitar a un ortodoncista para ver si est\u00e1 listo para usar frenillos.<\/p>\n<p>Pero, \u00bfqu\u00e9 pasa si su hijo tiene miedo a los frenillos met\u00e1licos? \u00bfEs Invisalign una opci\u00f3n para ni\u00f1os?<\/p>\n<p>En definitiva, depende de muchos factores. Estamos aqu\u00ed para explicarle a usted y a su hijo que puedan tomar la decisi\u00f3n\u00a0<a href=\"\/es\/treatments\/\">la mejor opci\u00f3n juntos<\/a>. Contin\u00fae leyendo para saber todo sobre por qu\u00e9 Invisalign puede o no ser la mejor opci\u00f3n para su hijo.<\/p>\n<h4>\u00bfQU\u00c9 EDAD TIENEN?<\/h4>\n<p>El primer factor que debe considerar es la edad de su hijo.<\/p>\n<p>T\u00e9cnicamente hablando, cualquier persona puede usar alineadores transparentes siempre que tenga todos sus dientes permanentes. Si su hijo todav\u00eda tiene dientes de leche, o si todav\u00eda le faltan algunos de ellos, todav\u00eda no es el momento de realizar ning\u00fan tipo de trabajo de ortodoncia.<\/p>\n<p>Eso no significa que no puedan ver a un ortodoncista. Los ortodoncistas pueden tener una idea de c\u00f3mo crecer\u00e1n los dientes de su hijo para que pueda elaborar un plan de tratamiento para el futuro.<\/p>\n<p>Tenga en cuenta que Invisalign requiere m\u00e1s trabajo que los aparatos met\u00e1licos est\u00e1ndar. Es posible que los ni\u00f1os m\u00e1s peque\u00f1os no est\u00e9n preparados para ello. Todav\u00eda se est\u00e1n adaptando a sus vidas.<\/p>\n<p>Sin embargo, los ni\u00f1os mayores, como los adolescentes, pueden ser m\u00e1s que capaces de realizarse un trabajo de ortodoncia. Invisalign para adolescentes es popular. Para algunos adolescentes, los beneficios de Invisalign (como el tratamiento casi invisible) superan el estr\u00e9s potencial de mantener los alineadores donde deber\u00edan estar.<\/p>\n<h4>\u00bfCU\u00c1N RESPONSABLES SON?<\/h4>\n<p>Hablando del estr\u00e9s y la responsabilidad de los alineadores, tambi\u00e9n debes considerar qu\u00e9 tan responsable es tu hijo. La responsabilidad y la edad no necesariamente van juntas, as\u00ed que esto es algo que tendr\u00e1s que evaluar por tu cuenta.<\/p>\n<p>Invisalign es diferente de los brackets. Con los aparatos ortodoncistas, el ortodoncista coloca los brackets y los alambres y permanecen en su lugar durante todo el tratamiento. Su hijo no podr\u00e1 quit\u00e1rselos (sin fuerza excesiva). Esto significa que hay muy poco esfuerzo por su parte.<\/p>\n<p>Los alineadores transparentes requieren que su hijo haga un trabajo adicional. Tienen que ponerse y quitarse los alineadores durante las comidas y cepillarse los dientes cada vez que comen o beben cualquier cosa que no sea agua. Deben asegurarse de usar hilo dental para que no queden residuos atrapados en los alineadores durante la noche.<\/p>\n<p>Tambi\u00e9n deben estar al tanto de los cambios de bandeja y mantener los alineadores puestos durante 20 a 22 horas al d\u00eda, lo que puede ser un desaf\u00edo (incluso para los adultos).<\/p>\n<p>Adem\u00e1s, si tus hijos almuerzan en el colegio o en el campamento, deben asegurarse de no tirar accidentalmente sus alineadores.<\/p>\n<p>Esto no significa que su hijo no pueda usar alineadores. Significa que debe identificar su nivel de responsabilidad antes de comenzar.<\/p>\n<h4>\u00bfC\u00d3MO ES SU HIGIENE DENTAL?<\/h4>\n<p>Esto se relaciona con la responsabilidad. \u00bfQu\u00e9 tan bueno es su hijo cuidando sus dientes?<\/p>\n<p>Los ni\u00f1os m\u00e1s peque\u00f1os todav\u00eda se est\u00e1n adaptando a mantener bajo control su higiene dental. Es posible que no usen hilo dental con tanta frecuencia como deber\u00edan o que sean propensos a tener caries debido al exceso de az\u00facar y al cepillado insuficiente.<\/p>\n<p>Esto no es anormal, pero podr\u00eda convertirse en un problema si eligen Invisalign, que debe mantenerse limpio.<\/p>\n<h4>\u00bfC\u00d3MO ES SU ESTILO DE VIDA?<\/h4>\n<p>No todos los ni\u00f1os o adolescentes est\u00e1n preparados para Invisalign. \u00bfEl estilo de vida de su hijo se adapta a los alineadores transparentes?<\/p>\n<p>Si su hijo pasa mucho tiempo fuera de casa o de viaje (por ejemplo, si practica deportes escolares), es posible que desee esperar a Invisalign o elegir aparatos met\u00e1licos est\u00e1ndar.<\/p>\n<p>Si su hijo toca ciertos tipos de instrumentos (como instrumentos de metal), es posible que tenga problemas con Invisalign. Si su m\u00fasica es importante para ellos, tal vez sea mejor\u00a0<a href=\"https:\/\/www.maestroclassics.com\/can-my-child-play-the-trumpet-with-#:~:text=YES!,wearing%20braces%20is%20no%20fun.&amp;text=Orthodontists%20have%20tried%2C%20and%20succeeded,them%20smaller%20and%20less%20conspicuous.\" target=\"_blank\" rel=\"noopener\">posponer el trabajo de ortodoncia<\/a>\u00a0o elegir brackets met\u00e1licos est\u00e1ndar.<\/p>\n<p>Teniendo esto en cuenta, su hijo puede quitarse el Invisalign para jugar. S\u00f3lo recuerde que solo pueden tener sus alineadores colocados entre 2 y 4 horas al d\u00eda, incluidas las comidas.<\/p>\n<p>Hable con su ortodoncista sobre el estilo de vida de su hijo para que pueda determinar el mejor plan de tratamiento de ortodoncia.<\/p>\n<h4>\u00bfCU\u00c1NTO MOVIMIENTO NECESITAN?<\/h4>\n<p>Con aparatos ortop\u00e9dicos modernos y alineadores transparentes, la mayor\u00eda de los movimientos son posibles. Ya sea que su hijo tenga problemas de espaciado, problemas de api\u00f1amiento o una mordida desalineada, los alineadores transparentes generalmente son una buena opci\u00f3n, especialmente cuando su hijo es peque\u00f1o y sus dientes son m\u00e1s f\u00e1ciles de mover.<\/p>\n<p>Dicho esto, su ortodoncista puede sugerirle aparatos met\u00e1licos para ciertos movimientos. A veces, ciertas rotaciones resultan dif\u00edciles para Invisalign y eso puede prolongar el tiempo de tratamiento.<\/p>\n<p>Si necesitan movimientos m\u00e1s complicados y su ortodoncista no se siente c\u00f3modo prescribi\u00e9ndole Invisalign, considere preguntar sobre los \u201cfrenillos invisibles\u201d. Si bien no son tan invisibles, son menos visibles que los aparatos met\u00e1licos est\u00e1ndar.<\/p>\n<p>Si su ortodoncista cree que s\u00f3lo la mitad de la boca de su hijo es un caso complicado, es posible que tambi\u00e9n pueda obtener un tratamiento h\u00edbrido con aparatos ortop\u00e9dicos est\u00e1ndar e Invisalign juntos.<\/p>\n<h4>\u00bfES INVISALIGN ADECUADO PARA SU HIJO?<\/h4>\n<p>En base a estos factores, \u00bfcrees que tu hijo est\u00e1 preparado para Invisalign? Debe considerar el estilo de vida de su hijo, su nivel general de responsabilidad, la gravedad de su desalineaci\u00f3n y su higiene dental.<\/p>\n<p>Teniendo esto en cuenta, usted, su hijo y su ortodoncista pueden trabajar juntos para encontrar el mejor plan de tratamiento.<\/p>\n<p>\u00bfEst\u00e1s listo para iniciar el tratamiento de ortodoncia de tu hijo? \u00a1Nuestros ortodoncistas tienen experiencia en todas las edades y queremos conocerte!\u00a0<a href=\"\/es\/contact\/\">Cont\u00e1ctenos<\/a>\u00a0para programar una consulta hoy.<\/p>","protected":false},"excerpt":{"rendered":"<p>\u00bfSu hijo necesita trabajo de ortodoncia? Lo creas o no, tu hijo podr\u00eda consultar a un ortodoncista desde los seis a\u00f1os (aunque la mayor\u00eda de los padres no empiezan a llevar a sus hijos al ortodoncista hasta que est\u00e1n entre la preadolescencia y la adolescencia). \u00bfSu hijo ya tuvo su primera cita con el ortodoncista? Si tu hijo tiene los dientes torcidos, es normal que [\u2026]<\/p>","protected":false},"author":16,"featured_media":2089,"comment_status":"open","ping_status":"closed","sticky":false,"template":"","format":"standard","meta":{"inline_featured_image":false,"footnotes":""},"categories":[1],"tags":[],"class_list":["post-1668","post","type-post","status-publish","format-standard","has-post-thumbnail","hentry","category-uncategorized"],"yoast_head":"<!-- This site is optimized with the Yoast SEO plugin v23.4 - https:\/\/yoast.com\/wordpress\/plugins\/seo\/ -->\n<title>Can Children Wear Invisalign? - Indian Land Orthodontics<\/title>\n<meta name=\"description\" content=\"Orthodontists can get an idea of how your child&#039;s teeth are going to grow in so you can make a treatment plan for the future.\" \/>\n<meta name=\"robots\" content=\"index, follow, max-snippet:-1, max-image-preview:large, max-video-preview:-1\" \/>\n<link rel=\"canonical\" href=\"https:\/\/www.indianlandorthodontics.com\/es\/can-children-wear-invisalign\/\" \/>\n<meta property=\"og:locale\" content=\"es_MX\" \/>\n<meta property=\"og:type\" content=\"article\" \/>\n<meta property=\"og:title\" content=\"Can Children Wear Invisalign? - Indian Land Orthodontics\" \/>\n<meta property=\"og:description\" content=\"Orthodontists can get an idea of how your child&#039;s teeth are going to grow in so you can make a treatment plan for the future.\" \/>\n<meta property=\"og:url\" content=\"https:\/\/www.indianlandorthodontics.com\/es\/can-children-wear-invisalign\/\" \/>\n<meta property=\"og:site_name\" content=\"Indian Land Orthodontics\" \/>\n<meta property=\"article:published_time\" content=\"2021-04-19T11:35:20+00:00\" \/>\n<meta property=\"article:modified_time\" content=\"2022-12-07T10:31:09+00:00\" \/>\n<meta property=\"og:image\" content=\"https:\/\/www.indianlandorthodontics.com\/wp-content\/uploads\/2021\/08\/invisalign-1-400x250-1.jpeg\" \/>\n\t<meta property=\"og:image:width\" content=\"400\" \/>\n\t<meta property=\"og:image:height\" content=\"250\" \/>\n\t<meta property=\"og:image:type\" content=\"image\/jpeg\" \/>\n<meta name=\"author\" content=\"Meredith Quimby\" \/>\n<meta name=\"twitter:card\" content=\"summary_large_image\" \/>\n<meta name=\"twitter:label1\" content=\"Escrito por\" \/>\n\t<meta name=\"twitter:data1\" content=\"Meredith Quimby\" \/>\n\t<meta name=\"twitter:label2\" content=\"Tiempo de lectura\" \/>\n\t<meta name=\"twitter:data2\" content=\"5 minutos\" \/>\n<script type=\"application\/ld+json\" class=\"yoast-schema-graph\">{\"@context\":\"https:\/\/schema.org\",\"@graph\":[{\"@type\":\"Article\",\"@id\":\"https:\/\/www.indianlandorthodontics.com\/can-children-wear-invisalign\/#article\",\"isPartOf\":{\"@id\":\"https:\/\/www.indianlandorthodontics.com\/can-children-wear-invisalign\/\"},\"author\":{\"name\":\"Meredith Quimby\",\"@id\":\"https:\/\/www.indianlandorthodontics.com\/#\/schema\/person\/62d7c5d0bb0aee459cb5f18c2caac1e0\"},\"headline\":\"Can Children Wear Invisalign?\",\"datePublished\":\"2021-04-19T11:35:20+00:00\",\"dateModified\":\"2022-12-07T10:31:09+00:00\",\"mainEntityOfPage\":{\"@id\":\"https:\/\/www.indianlandorthodontics.com\/can-children-wear-invisalign\/\"},\"wordCount\":999,\"commentCount\":0,\"publisher\":{\"@id\":\"https:\/\/www.indianlandorthodontics.com\/#organization\"},\"image\":{\"@id\":\"https:\/\/www.indianlandorthodontics.com\/can-children-wear-invisalign\/#primaryimage\"},\"thumbnailUrl\":\"https:\/\/www.indianlandorthodontics.com\/wp-content\/uploads\/2021\/08\/invisalign-1-400x250-1.jpeg\",\"articleSection\":[\"Uncategorized\"],\"inLanguage\":\"es\",\"potentialAction\":[{\"@type\":\"CommentAction\",\"name\":\"Comment\",\"target\":[\"https:\/\/www.indianlandorthodontics.com\/can-children-wear-invisalign\/#respond\"]}]},{\"@type\":\"WebPage\",\"@id\":\"https:\/\/www.indianlandorthodontics.com\/can-children-wear-invisalign\/\",\"url\":\"https:\/\/www.indianlandorthodontics.com\/can-children-wear-invisalign\/\",\"name\":\"Can Children Wear Invisalign? - Indian Land Orthodontics\",\"isPartOf\":{\"@id\":\"https:\/\/www.indianlandorthodontics.com\/#website\"},\"primaryImageOfPage\":{\"@id\":\"https:\/\/www.indianlandorthodontics.com\/can-children-wear-invisalign\/#primaryimage\"},\"image\":{\"@id\":\"https:\/\/www.indianlandorthodontics.com\/can-children-wear-invisalign\/#primaryimage\"},\"thumbnailUrl\":\"https:\/\/www.indianlandorthodontics.com\/wp-content\/uploads\/2021\/08\/invisalign-1-400x250-1.jpeg\",\"datePublished\":\"2021-04-19T11:35:20+00:00\",\"dateModified\":\"2022-12-07T10:31:09+00:00\",\"description\":\"Orthodontists can get an idea of how your child's teeth are going to grow in so you can make a treatment plan for the future.\",\"breadcrumb\":{\"@id\":\"https:\/\/www.indianlandorthodontics.com\/can-children-wear-invisalign\/#breadcrumb\"},\"inLanguage\":\"es\",\"potentialAction\":[{\"@type\":\"ReadAction\",\"target\":[\"https:\/\/www.indianlandorthodontics.com\/can-children-wear-invisalign\/\"]}]},{\"@type\":\"ImageObject\",\"inLanguage\":\"es\",\"@id\":\"https:\/\/www.indianlandorthodontics.com\/can-children-wear-invisalign\/#primaryimage\",\"url\":\"https:\/\/www.indianlandorthodontics.com\/wp-content\/uploads\/2021\/08\/invisalign-1-400x250-1.jpeg\",\"contentUrl\":\"https:\/\/www.indianlandorthodontics.com\/wp-content\/uploads\/2021\/08\/invisalign-1-400x250-1.jpeg\",\"width\":400,\"height\":250,\"caption\":\"orthodontist Waxhaw SC\"},{\"@type\":\"BreadcrumbList\",\"@id\":\"https:\/\/www.indianlandorthodontics.com\/can-children-wear-invisalign\/#breadcrumb\",\"itemListElement\":[{\"@type\":\"ListItem\",\"position\":1,\"name\":\"Home\",\"item\":\"https:\/\/www.indianlandorthodontics.com\/\"},{\"@type\":\"ListItem\",\"position\":2,\"name\":\"Can Children Wear Invisalign?\"}]},{\"@type\":\"WebSite\",\"@id\":\"https:\/\/www.indianlandorthodontics.com\/#website\",\"url\":\"https:\/\/www.indianlandorthodontics.com\/\",\"name\":\"Indian Land Orthodontics\",\"description\":\"\",\"publisher\":{\"@id\":\"https:\/\/www.indianlandorthodontics.com\/#organization\"},\"potentialAction\":[{\"@type\":\"SearchAction\",\"target\":{\"@type\":\"EntryPoint\",\"urlTemplate\":\"https:\/\/www.indianlandorthodontics.com\/?s={search_term_string}\"},\"query-input\":{\"@type\":\"PropertyValueSpecification\",\"valueRequired\":true,\"valueName\":\"search_term_string\"}}],\"inLanguage\":\"es\"},{\"@type\":\"Organization\",\"@id\":\"https:\/\/www.indianlandorthodontics.com\/#organization\",\"name\":\"Indianland Orthodontics\",\"url\":\"https:\/\/www.indianlandorthodontics.com\/\",\"logo\":{\"@type\":\"ImageObject\",\"inLanguage\":\"es\",\"@id\":\"https:\/\/www.indianlandorthodontics.com\/#\/schema\/logo\/image\/\",\"url\":\"https:\/\/www.indianlandorthodontics.com\/wp-content\/uploads\/2022\/10\/logo-1.png\",\"contentUrl\":\"https:\/\/www.indianlandorthodontics.com\/wp-content\/uploads\/2022\/10\/logo-1.png\",\"width\":215,\"height\":77,\"caption\":\"Indianland Orthodontics\"},\"image\":{\"@id\":\"https:\/\/www.indianlandorthodontics.com\/#\/schema\/logo\/image\/\"}},{\"@type\":\"Person\",\"@id\":\"https:\/\/www.indianlandorthodontics.com\/#\/schema\/person\/62d7c5d0bb0aee459cb5f18c2caac1e0\",\"name\":\"Meredith Quimby\",\"image\":{\"@type\":\"ImageObject\",\"inLanguage\":\"es\",\"@id\":\"https:\/\/www.indianlandorthodontics.com\/#\/schema\/person\/image\/\",\"url\":\"https:\/\/secure.gravatar.com\/avatar\/6ea37eae02b18c4f42db84c340fc6fdabdadaa0ad9be40dd9cac8829115d93c0?s=96&d=mm&r=g\",\"contentUrl\":\"https:\/\/secure.gravatar.com\/avatar\/6ea37eae02b18c4f42db84c340fc6fdabdadaa0ad9be40dd9cac8829115d93c0?s=96&d=mm&r=g\",\"caption\":\"Meredith Quimby\"},\"url\":\"https:\/\/www.indianlandorthodontics.com\/es\/author\/indianlandortho\/\"}]}<\/script>\n<!-- \/ Yoast SEO plugin. -->","yoast_head_json":{"title":"Can Children Wear Invisalign? - Indian Land Orthodontics","description":"Orthodontists can get an idea of how your child's teeth are going to grow in so you can make a treatment plan for the future.","robots":{"index":"index","follow":"follow","max-snippet":"max-snippet:-1","max-image-preview":"max-image-preview:large","max-video-preview":"max-video-preview:-1"},"canonical":"https:\/\/www.indianlandorthodontics.com\/es\/can-children-wear-invisalign\/","og_locale":"es_MX","og_type":"article","og_title":"Can Children Wear Invisalign? - Indian Land Orthodontics","og_description":"Orthodontists can get an idea of how your child's teeth are going to grow in so you can make a treatment plan for the future.","og_url":"https:\/\/www.indianlandorthodontics.com\/es\/can-children-wear-invisalign\/","og_site_name":"Indian Land Orthodontics","article_published_time":"2021-04-19T11:35:20+00:00","article_modified_time":"2022-12-07T10:31:09+00:00","og_image":[{"width":400,"height":250,"url":"https:\/\/www.indianlandorthodontics.com\/wp-content\/uploads\/2021\/08\/invisalign-1-400x250-1.jpeg","type":"image\/jpeg"}],"author":"Meredith Quimby","twitter_card":"summary_large_image","twitter_misc":{"Escrito por":"Meredith Quimby","Tiempo de lectura":"5 minutos"},"schema":{"@context":"https:\/\/schema.org","@graph":[{"@type":"Article","@id":"https:\/\/www.indianlandorthodontics.com\/can-children-wear-invisalign\/#article","isPartOf":{"@id":"https:\/\/www.indianlandorthodontics.com\/can-children-wear-invisalign\/"},"author":{"name":"Meredith Quimby","@id":"https:\/\/www.indianlandorthodontics.com\/#\/schema\/person\/62d7c5d0bb0aee459cb5f18c2caac1e0"},"headline":"Can Children Wear Invisalign?","datePublished":"2021-04-19T11:35:20+00:00","dateModified":"2022-12-07T10:31:09+00:00","mainEntityOfPage":{"@id":"https:\/\/www.indianlandorthodontics.com\/can-children-wear-invisalign\/"},"wordCount":999,"commentCount":0,"publisher":{"@id":"https:\/\/www.indianlandorthodontics.com\/#organization"},"image":{"@id":"https:\/\/www.indianlandorthodontics.com\/can-children-wear-invisalign\/#primaryimage"},"thumbnailUrl":"https:\/\/www.indianlandorthodontics.com\/wp-content\/uploads\/2021\/08\/invisalign-1-400x250-1.jpeg","articleSection":["Uncategorized"],"inLanguage":"es","potentialAction":[{"@type":"CommentAction","name":"Comment","target":["https:\/\/www.indianlandorthodontics.com\/can-children-wear-invisalign\/#respond"]}]},{"@type":"WebPage","@id":"https:\/\/www.indianlandorthodontics.com\/can-children-wear-invisalign\/","url":"https:\/\/www.indianlandorthodontics.com\/can-children-wear-invisalign\/","name":"Can Children Wear Invisalign? - Indian Land Orthodontics","isPartOf":{"@id":"https:\/\/www.indianlandorthodontics.com\/#website"},"primaryImageOfPage":{"@id":"https:\/\/www.indianlandorthodontics.com\/can-children-wear-invisalign\/#primaryimage"},"image":{"@id":"https:\/\/www.indianlandorthodontics.com\/can-children-wear-invisalign\/#primaryimage"},"thumbnailUrl":"https:\/\/www.indianlandorthodontics.com\/wp-content\/uploads\/2021\/08\/invisalign-1-400x250-1.jpeg","datePublished":"2021-04-19T11:35:20+00:00","dateModified":"2022-12-07T10:31:09+00:00","description":"Orthodontists can get an idea of how your child's teeth are going to grow in so you can make a treatment plan for the future.","breadcrumb":{"@id":"https:\/\/www.indianlandorthodontics.com\/can-children-wear-invisalign\/#breadcrumb"},"inLanguage":"es","potentialAction":[{"@type":"ReadAction","target":["https:\/\/www.indianlandorthodontics.com\/can-children-wear-invisalign\/"]}]},{"@type":"ImageObject","inLanguage":"es","@id":"https:\/\/www.indianlandorthodontics.com\/can-children-wear-invisalign\/#primaryimage","url":"https:\/\/www.indianlandorthodontics.com\/wp-content\/uploads\/2021\/08\/invisalign-1-400x250-1.jpeg","contentUrl":"https:\/\/www.indianlandorthodontics.com\/wp-content\/uploads\/2021\/08\/invisalign-1-400x250-1.jpeg","width":400,"height":250,"caption":"orthodontist Waxhaw SC"},{"@type":"BreadcrumbList","@id":"https:\/\/www.indianlandorthodontics.com\/can-children-wear-invisalign\/#breadcrumb","itemListElement":[{"@type":"ListItem","position":1,"name":"Home","item":"https:\/\/www.indianlandorthodontics.com\/"},{"@type":"ListItem","position":2,"name":"Can Children Wear Invisalign?"}]},{"@type":"WebSite","@id":"https:\/\/www.indianlandorthodontics.com\/#website","url":"https:\/\/www.indianlandorthodontics.com\/","name":"Ortodoncia terrestre india","description":"","publisher":{"@id":"https:\/\/www.indianlandorthodontics.com\/#organization"},"potentialAction":[{"@type":"SearchAction","target":{"@type":"EntryPoint","urlTemplate":"https:\/\/www.indianlandorthodontics.com\/?s={search_term_string}"},"query-input":{"@type":"PropertyValueSpecification","valueRequired":true,"valueName":"search_term_string"}}],"inLanguage":"es"},{"@type":"Organization","@id":"https:\/\/www.indianlandorthodontics.com\/#organization","name":"Indianland Orthodontics","url":"https:\/\/www.indianlandorthodontics.com\/","logo":{"@type":"ImageObject","inLanguage":"es","@id":"https:\/\/www.indianlandorthodontics.com\/#\/schema\/logo\/image\/","url":"https:\/\/www.indianlandorthodontics.com\/wp-content\/uploads\/2022\/10\/logo-1.png","contentUrl":"https:\/\/www.indianlandorthodontics.com\/wp-content\/uploads\/2022\/10\/logo-1.png","width":215,"height":77,"caption":"Indianland Orthodontics"},"image":{"@id":"https:\/\/www.indianlandorthodontics.com\/#\/schema\/logo\/image\/"}},{"@type":"Person","@id":"https:\/\/www.indianlandorthodontics.com\/#\/schema\/person\/62d7c5d0bb0aee459cb5f18c2caac1e0","name":"Meredith Quimby","image":{"@type":"ImageObject","inLanguage":"es","@id":"https:\/\/www.indianlandorthodontics.com\/#\/schema\/person\/image\/","url":"https:\/\/secure.gravatar.com\/avatar\/6ea37eae02b18c4f42db84c340fc6fdabdadaa0ad9be40dd9cac8829115d93c0?s=96&d=mm&r=g","contentUrl":"https:\/\/secure.gravatar.com\/avatar\/6ea37eae02b18c4f42db84c340fc6fdabdadaa0ad9be40dd9cac8829115d93c0?s=96&d=mm&r=g","caption":"Meredith Quimby"},"url":"https:\/\/www.indianlandorthodontics.com\/es\/author\/indianlandortho\/"}]}},"_links":{"self":[{"href":"https:\/\/www.indianlandorthodontics.com\/es\/wp-json\/wp\/v2\/posts\/1668","targetHints":{"allow":["GET"]}}],"collection":[{"href":"https:\/\/www.indianlandorthodontics.com\/es\/wp-json\/wp\/v2\/posts"}],"about":[{"href":"https:\/\/www.indianlandorthodontics.com\/es\/wp-json\/wp\/v2\/types\/post"}],"author":[{"embeddable":true,"href":"https:\/\/www.indianlandorthodontics.com\/es\/wp-json\/wp\/v2\/users\/16"}],"replies":[{"embeddable":true,"href":"https:\/\/www.indianlandorthodontics.com\/es\/wp-json\/wp\/v2\/comments?post=1668"}],"version-history":[{"count":0,"href":"https:\/\/www.indianlandorthodontics.com\/es\/wp-json\/wp\/v2\/posts\/1668\/revisions"}],"wp:featuredmedia":[{"embeddable":true,"href":"https:\/\/www.indianlandorthodontics.com\/es\/wp-json\/wp\/v2\/media\/2089"}],"wp:attachment":[{"href":"https:\/\/www.indianlandorthodontics.com\/es\/wp-json\/wp\/v2\/media?parent=1668"}],"wp:term":[{"taxonomy":"category","embeddable":true,"href":"https:\/\/www.indianlandorthodontics.com\/es\/wp-json\/wp\/v2\/categories?post=1668"},{"taxonomy":"post_tag","embeddable":true,"href":"https:\/\/www.indianlandorthodontics.com\/es\/wp-json\/wp\/v2\/tags?post=1668"}],"curies":[{"name":"wp","href":"https:\/\/api.w.org\/{rel}","templated":true}]}}